{"id":6165,"date":"2016-05-10T11:03:18","date_gmt":"2016-05-10T09:03:18","guid":{"rendered":"https:\/\/www.e-leclerc.es\/ciudad-real\/tendencias\/antonio-orozco-en-e-leclerc-ciudad-real\/"},"modified":"2016-05-10T11:03:18","modified_gmt":"2016-05-10T09:03:18","slug":"antonio-orozco-en-e-leclerc-ciudad-real","status":"publish","type":"post","link":"https:\/\/e-leclerc.es\/ciudad-real\/tendencias\/antonio-orozco-en-e-leclerc-ciudad-real\/","title":{"rendered":"Antonio orozco en E.Leclerc Ciudad Real"},"content":{"rendered":"<p>FIRMA DE DISCOS DE ANTONIO OROZCO EN E.LECLERC CIUDAD REAL<br \/>\nEl pr\u00f3ximo viernes 26 de Octubre a las 18:00H, Antonio Orozco estar\u00e1 en nuestro Hipermercado para firmar su \u00faltimo disco. No lo olvides, viernes 26 a las 18:00 ANTONIO OROZCO en E.Leclerc Ciudad Real. TE ESPERAMOS.<\/p>\n","protected":false},"excerpt":{"rendered":"<p>FIRMA DE DISCOS DE ANTONIO OROZCO EN E.LECLERC CIUDAD REAL El pr\u00f3ximo viernes 26 de Octubre a las 18:00H, Antonio Orozco estar\u00e1 en nuestro Hipermercado para firmar su \u00faltimo disco. No lo olvides, viernes 26 a las 18:00 ANTONIO OROZCO en E.Leclerc Ciudad Real. TE ESPERAMOS.<\/p>\n","protected":false},"author":0,"featured_media":6166,"comment_status":"","ping_status":"open","sticky":false,"template":"","format":"standard","meta":{"_acf_changed":false,"footnotes":""},"categories":[1],"tags":[],"class_list":["post-6165","post","type-post","status-publish","format-standard","has-post-thumbnail","hentry","category-uncategorized"],"acf":[],"yoast_head":"<!-- This site is optimized with the Yoast SEO plugin v27.4 - https:\/\/yoast.com\/product\/yoast-seo-wordpress\/ -->\n<title>Antonio orozco en E.Leclerc Ciudad Real - E.Leclerc Ciudad Real<\/title>\n<meta name=\"robots\" content=\"index, follow, max-snippet:-1, max-image-preview:large, max-video-preview:-1\" \/>\n<link rel=\"canonical\" href=\"https:\/\/e-leclerc.es\/ciudad-real\/tendencias\/antonio-orozco-en-e-leclerc-ciudad-real\/\" \/>\n<meta property=\"og:locale\" content=\"es_ES\" \/>\n<meta property=\"og:type\" content=\"article\" \/>\n<meta property=\"og:title\" content=\"Antonio orozco en E.Leclerc Ciudad Real - E.Leclerc Ciudad Real\" \/>\n<meta property=\"og:description\" content=\"FIRMA DE DISCOS DE ANTONIO OROZCO EN E.LECLERC CIUDAD REAL El pr\u00f3ximo viernes 26 de Octubre a las 18:00H, Antonio Orozco estar\u00e1 en nuestro Hipermercado para firmar su \u00faltimo disco. No lo olvides, viernes 26 a las 18:00 ANTONIO OROZCO en E.Leclerc Ciudad Real. TE ESPERAMOS.\" \/>\n<meta property=\"og:url\" content=\"https:\/\/e-leclerc.es\/ciudad-real\/tendencias\/antonio-orozco-en-e-leclerc-ciudad-real\/\" \/>\n<meta property=\"og:site_name\" content=\"E.Leclerc Ciudad Real\" \/>\n<meta property=\"article:published_time\" content=\"2016-05-10T09:03:18+00:00\" \/>\n<meta property=\"og:image\" content=\"https:\/\/e-leclerc.es\/ciudad-real\/wp-content\/uploads\/sites\/9\/2016\/05\/634865108149411719cartel-antonio-orozco-ii-jpg_625.jpg\" \/>\n\t<meta property=\"og:image:width\" content=\"225\" \/>\n\t<meta property=\"og:image:height\" content=\"318\" \/>\n\t<meta property=\"og:image:type\" content=\"image\/jpeg\" \/>\n<meta name=\"twitter:card\" content=\"summary_large_image\" \/>\n<script type=\"application\/ld+json\" class=\"yoast-schema-graph\">{\"@context\":\"https:\\\/\\\/schema.org\",\"@graph\":[{\"@type\":\"Article\",\"@id\":\"https:\\\/\\\/e-leclerc.es\\\/ciudad-real\\\/tendencias\\\/antonio-orozco-en-e-leclerc-ciudad-real\\\/#article\",\"isPartOf\":{\"@id\":\"https:\\\/\\\/e-leclerc.es\\\/ciudad-real\\\/tendencias\\\/antonio-orozco-en-e-leclerc-ciudad-real\\\/\"},\"author\":{\"name\":\"\",\"@id\":\"\"},\"headline\":\"Antonio orozco en E.Leclerc Ciudad Real\",\"datePublished\":\"2016-05-10T09:03:18+00:00\",\"mainEntityOfPage\":{\"@id\":\"https:\\\/\\\/e-leclerc.es\\\/ciudad-real\\\/tendencias\\\/antonio-orozco-en-e-leclerc-ciudad-real\\\/\"},\"wordCount\":53,\"publisher\":{\"@id\":\"https:\\\/\\\/e-leclerc.es\\\/ciudad-real\\\/#organization\"},\"image\":{\"@id\":\"https:\\\/\\\/e-leclerc.es\\\/ciudad-real\\\/tendencias\\\/antonio-orozco-en-e-leclerc-ciudad-real\\\/#primaryimage\"},\"thumbnailUrl\":\"https:\\\/\\\/e-leclerc.es\\\/ciudad-real\\\/wp-content\\\/uploads\\\/sites\\\/9\\\/2016\\\/05\\\/634865108149411719cartel-antonio-orozco-ii-jpg_625.jpg\",\"articleSection\":[\"E.Leclerc en los medios\"],\"inLanguage\":\"es\"},{\"@type\":\"WebPage\",\"@id\":\"https:\\\/\\\/e-leclerc.es\\\/ciudad-real\\\/tendencias\\\/antonio-orozco-en-e-leclerc-ciudad-real\\\/\",\"url\":\"https:\\\/\\\/e-leclerc.es\\\/ciudad-real\\\/tendencias\\\/antonio-orozco-en-e-leclerc-ciudad-real\\\/\",\"name\":\"Antonio orozco en E.Leclerc Ciudad Real - E.Leclerc Ciudad Real\",\"isPartOf\":{\"@id\":\"https:\\\/\\\/e-leclerc.es\\\/ciudad-real\\\/#website\"},\"primaryImageOfPage\":{\"@id\":\"https:\\\/\\\/e-leclerc.es\\\/ciudad-real\\\/tendencias\\\/antonio-orozco-en-e-leclerc-ciudad-real\\\/#primaryimage\"},\"image\":{\"@id\":\"https:\\\/\\\/e-leclerc.es\\\/ciudad-real\\\/tendencias\\\/antonio-orozco-en-e-leclerc-ciudad-real\\\/#primaryimage\"},\"thumbnailUrl\":\"https:\\\/\\\/e-leclerc.es\\\/ciudad-real\\\/wp-content\\\/uploads\\\/sites\\\/9\\\/2016\\\/05\\\/634865108149411719cartel-antonio-orozco-ii-jpg_625.jpg\",\"datePublished\":\"2016-05-10T09:03:18+00:00\",\"breadcrumb\":{\"@id\":\"https:\\\/\\\/e-leclerc.es\\\/ciudad-real\\\/tendencias\\\/antonio-orozco-en-e-leclerc-ciudad-real\\\/#breadcrumb\"},\"inLanguage\":\"es\",\"potentialAction\":[{\"@type\":\"ReadAction\",\"target\":[\"https:\\\/\\\/e-leclerc.es\\\/ciudad-real\\\/tendencias\\\/antonio-orozco-en-e-leclerc-ciudad-real\\\/\"]}]},{\"@type\":\"ImageObject\",\"inLanguage\":\"es\",\"@id\":\"https:\\\/\\\/e-leclerc.es\\\/ciudad-real\\\/tendencias\\\/antonio-orozco-en-e-leclerc-ciudad-real\\\/#primaryimage\",\"url\":\"https:\\\/\\\/e-leclerc.es\\\/ciudad-real\\\/wp-content\\\/uploads\\\/sites\\\/9\\\/2016\\\/05\\\/634865108149411719cartel-antonio-orozco-ii-jpg_625.jpg\",\"contentUrl\":\"https:\\\/\\\/e-leclerc.es\\\/ciudad-real\\\/wp-content\\\/uploads\\\/sites\\\/9\\\/2016\\\/05\\\/634865108149411719cartel-antonio-orozco-ii-jpg_625.jpg\",\"width\":225,\"height\":318},{\"@type\":\"BreadcrumbList\",\"@id\":\"https:\\\/\\\/e-leclerc.es\\\/ciudad-real\\\/tendencias\\\/antonio-orozco-en-e-leclerc-ciudad-real\\\/#breadcrumb\",\"itemListElement\":[{\"@type\":\"ListItem\",\"position\":1,\"name\":\"Portada\",\"item\":\"https:\\\/\\\/e-leclerc.es\\\/ciudad-real\\\/\"},{\"@type\":\"ListItem\",\"position\":2,\"name\":\"Antonio orozco en E.Leclerc Ciudad Real\"}]},{\"@type\":\"WebSite\",\"@id\":\"https:\\\/\\\/e-leclerc.es\\\/ciudad-real\\\/#website\",\"url\":\"https:\\\/\\\/e-leclerc.es\\\/ciudad-real\\\/\",\"name\":\"E.Leclerc Ciudad Real\",\"description\":\"Descubre los folletos, ofertas y promociones de nuestro hipermercado E.Leclerc Ciudad Real en Castilla-La Mancha. Direcci\u00f3n | Horario | Productos locales\",\"publisher\":{\"@id\":\"https:\\\/\\\/e-leclerc.es\\\/ciudad-real\\\/#organization\"},\"potentialAction\":[{\"@type\":\"SearchAction\",\"target\":{\"@type\":\"EntryPoint\",\"urlTemplate\":\"https:\\\/\\\/e-leclerc.es\\\/ciudad-real\\\/?s={search_term_string}\"},\"query-input\":{\"@type\":\"PropertyValueSpecification\",\"valueRequired\":true,\"valueName\":\"search_term_string\"}}],\"inLanguage\":\"es\"},{\"@type\":\"Organization\",\"@id\":\"https:\\\/\\\/e-leclerc.es\\\/ciudad-real\\\/#organization\",\"name\":\"E.Leclerc Ciudad Real\",\"url\":\"https:\\\/\\\/e-leclerc.es\\\/ciudad-real\\\/\",\"logo\":{\"@type\":\"ImageObject\",\"inLanguage\":\"es\",\"@id\":\"https:\\\/\\\/e-leclerc.es\\\/ciudad-real\\\/#\\\/schema\\\/logo\\\/image\\\/\",\"url\":\"https:\\\/\\\/e-leclerc.es\\\/ciudad-real\\\/wp-content\\\/uploads\\\/sites\\\/9\\\/2024\\\/03\\\/Leclerc_Logo.svg\",\"contentUrl\":\"https:\\\/\\\/e-leclerc.es\\\/ciudad-real\\\/wp-content\\\/uploads\\\/sites\\\/9\\\/2024\\\/03\\\/Leclerc_Logo.svg\",\"caption\":\"E.Leclerc Ciudad Real\"},\"image\":{\"@id\":\"https:\\\/\\\/e-leclerc.es\\\/ciudad-real\\\/#\\\/schema\\\/logo\\\/image\\\/\"}}]}<\/script>\n<!-- \/ Yoast SEO plugin. -->","yoast_head_json":{"title":"Antonio orozco en E.Leclerc Ciudad Real - E.Leclerc Ciudad Real","robots":{"index":"index","follow":"follow","max-snippet":"max-snippet:-1","max-image-preview":"max-image-preview:large","max-video-preview":"max-video-preview:-1"},"canonical":"https:\/\/e-leclerc.es\/ciudad-real\/tendencias\/antonio-orozco-en-e-leclerc-ciudad-real\/","og_locale":"es_ES","og_type":"article","og_title":"Antonio orozco en E.Leclerc Ciudad Real - E.Leclerc Ciudad Real","og_description":"FIRMA DE DISCOS DE ANTONIO OROZCO EN E.LECLERC CIUDAD REAL El pr\u00f3ximo viernes 26 de Octubre a las 18:00H, Antonio Orozco estar\u00e1 en nuestro Hipermercado para firmar su \u00faltimo disco. No lo olvides, viernes 26 a las 18:00 ANTONIO OROZCO en E.Leclerc Ciudad Real. TE ESPERAMOS.","og_url":"https:\/\/e-leclerc.es\/ciudad-real\/tendencias\/antonio-orozco-en-e-leclerc-ciudad-real\/","og_site_name":"E.Leclerc Ciudad Real","article_published_time":"2016-05-10T09:03:18+00:00","og_image":[{"width":225,"height":318,"url":"https:\/\/e-leclerc.es\/ciudad-real\/wp-content\/uploads\/sites\/9\/2016\/05\/634865108149411719cartel-antonio-orozco-ii-jpg_625.jpg","type":"image\/jpeg"}],"twitter_card":"summary_large_image","schema":{"@context":"https:\/\/schema.org","@graph":[{"@type":"Article","@id":"https:\/\/e-leclerc.es\/ciudad-real\/tendencias\/antonio-orozco-en-e-leclerc-ciudad-real\/#article","isPartOf":{"@id":"https:\/\/e-leclerc.es\/ciudad-real\/tendencias\/antonio-orozco-en-e-leclerc-ciudad-real\/"},"author":{"name":"","@id":""},"headline":"Antonio orozco en E.Leclerc Ciudad Real","datePublished":"2016-05-10T09:03:18+00:00","mainEntityOfPage":{"@id":"https:\/\/e-leclerc.es\/ciudad-real\/tendencias\/antonio-orozco-en-e-leclerc-ciudad-real\/"},"wordCount":53,"publisher":{"@id":"https:\/\/e-leclerc.es\/ciudad-real\/#organization"},"image":{"@id":"https:\/\/e-leclerc.es\/ciudad-real\/tendencias\/antonio-orozco-en-e-leclerc-ciudad-real\/#primaryimage"},"thumbnailUrl":"https:\/\/e-leclerc.es\/ciudad-real\/wp-content\/uploads\/sites\/9\/2016\/05\/634865108149411719cartel-antonio-orozco-ii-jpg_625.jpg","articleSection":["E.Leclerc en los medios"],"inLanguage":"es"},{"@type":"WebPage","@id":"https:\/\/e-leclerc.es\/ciudad-real\/tendencias\/antonio-orozco-en-e-leclerc-ciudad-real\/","url":"https:\/\/e-leclerc.es\/ciudad-real\/tendencias\/antonio-orozco-en-e-leclerc-ciudad-real\/","name":"Antonio orozco en E.Leclerc Ciudad Real - E.Leclerc Ciudad Real","isPartOf":{"@id":"https:\/\/e-leclerc.es\/ciudad-real\/#website"},"primaryImageOfPage":{"@id":"https:\/\/e-leclerc.es\/ciudad-real\/tendencias\/antonio-orozco-en-e-leclerc-ciudad-real\/#primaryimage"},"image":{"@id":"https:\/\/e-leclerc.es\/ciudad-real\/tendencias\/antonio-orozco-en-e-leclerc-ciudad-real\/#primaryimage"},"thumbnailUrl":"https:\/\/e-leclerc.es\/ciudad-real\/wp-content\/uploads\/sites\/9\/2016\/05\/634865108149411719cartel-antonio-orozco-ii-jpg_625.jpg","datePublished":"2016-05-10T09:03:18+00:00","breadcrumb":{"@id":"https:\/\/e-leclerc.es\/ciudad-real\/tendencias\/antonio-orozco-en-e-leclerc-ciudad-real\/#breadcrumb"},"inLanguage":"es","potentialAction":[{"@type":"ReadAction","target":["https:\/\/e-leclerc.es\/ciudad-real\/tendencias\/antonio-orozco-en-e-leclerc-ciudad-real\/"]}]},{"@type":"ImageObject","inLanguage":"es","@id":"https:\/\/e-leclerc.es\/ciudad-real\/tendencias\/antonio-orozco-en-e-leclerc-ciudad-real\/#primaryimage","url":"https:\/\/e-leclerc.es\/ciudad-real\/wp-content\/uploads\/sites\/9\/2016\/05\/634865108149411719cartel-antonio-orozco-ii-jpg_625.jpg","contentUrl":"https:\/\/e-leclerc.es\/ciudad-real\/wp-content\/uploads\/sites\/9\/2016\/05\/634865108149411719cartel-antonio-orozco-ii-jpg_625.jpg","width":225,"height":318},{"@type":"BreadcrumbList","@id":"https:\/\/e-leclerc.es\/ciudad-real\/tendencias\/antonio-orozco-en-e-leclerc-ciudad-real\/#breadcrumb","itemListElement":[{"@type":"ListItem","position":1,"name":"Portada","item":"https:\/\/e-leclerc.es\/ciudad-real\/"},{"@type":"ListItem","position":2,"name":"Antonio orozco en E.Leclerc Ciudad Real"}]},{"@type":"WebSite","@id":"https:\/\/e-leclerc.es\/ciudad-real\/#website","url":"https:\/\/e-leclerc.es\/ciudad-real\/","name":"E.Leclerc Ciudad Real","description":"Descubre los folletos, ofertas y promociones de nuestro hipermercado E.Leclerc Ciudad Real en Castilla-La Mancha. Direcci\u00f3n | Horario | Productos locales","publisher":{"@id":"https:\/\/e-leclerc.es\/ciudad-real\/#organization"},"potentialAction":[{"@type":"SearchAction","target":{"@type":"EntryPoint","urlTemplate":"https:\/\/e-leclerc.es\/ciudad-real\/?s={search_term_string}"},"query-input":{"@type":"PropertyValueSpecification","valueRequired":true,"valueName":"search_term_string"}}],"inLanguage":"es"},{"@type":"Organization","@id":"https:\/\/e-leclerc.es\/ciudad-real\/#organization","name":"E.Leclerc Ciudad Real","url":"https:\/\/e-leclerc.es\/ciudad-real\/","logo":{"@type":"ImageObject","inLanguage":"es","@id":"https:\/\/e-leclerc.es\/ciudad-real\/#\/schema\/logo\/image\/","url":"https:\/\/e-leclerc.es\/ciudad-real\/wp-content\/uploads\/sites\/9\/2024\/03\/Leclerc_Logo.svg","contentUrl":"https:\/\/e-leclerc.es\/ciudad-real\/wp-content\/uploads\/sites\/9\/2024\/03\/Leclerc_Logo.svg","caption":"E.Leclerc Ciudad Real"},"image":{"@id":"https:\/\/e-leclerc.es\/ciudad-real\/#\/schema\/logo\/image\/"}}]}},"_links":{"self":[{"href":"https:\/\/e-leclerc.es\/ciudad-real\/wp-json\/wp\/v2\/posts\/6165","targetHints":{"allow":["GET"]}}],"collection":[{"href":"https:\/\/e-leclerc.es\/ciudad-real\/wp-json\/wp\/v2\/posts"}],"about":[{"href":"https:\/\/e-leclerc.es\/ciudad-real\/wp-json\/wp\/v2\/types\/post"}],"replies":[{"embeddable":true,"href":"https:\/\/e-leclerc.es\/ciudad-real\/wp-json\/wp\/v2\/comments?post=6165"}],"version-history":[{"count":0,"href":"https:\/\/e-leclerc.es\/ciudad-real\/wp-json\/wp\/v2\/posts\/6165\/revisions"}],"wp:featuredmedia":[{"embeddable":true,"href":"https:\/\/e-leclerc.es\/ciudad-real\/wp-json\/wp\/v2\/media\/6166"}],"wp:attachment":[{"href":"https:\/\/e-leclerc.es\/ciudad-real\/wp-json\/wp\/v2\/media?parent=6165"}],"wp:term":[{"taxonomy":"category","embeddable":true,"href":"https:\/\/e-leclerc.es\/ciudad-real\/wp-json\/wp\/v2\/categories?post=6165"},{"taxonomy":"post_tag","embeddable":true,"href":"https:\/\/e-leclerc.es\/ciudad-real\/wp-json\/wp\/v2\/tags?post=6165"}],"curies":[{"name":"wp","href":"https:\/\/api.w.org\/{rel}","templated":true}]}}