{"id":6147,"date":"2016-05-10T11:02:46","date_gmt":"2016-05-10T09:02:46","guid":{"rendered":"https:\/\/www.e-leclerc.es\/ciudad-real\/tendencias\/6a-carrera-urbana-ciudad-real\/"},"modified":"2016-05-10T11:02:46","modified_gmt":"2016-05-10T09:02:46","slug":"6a-carrera-urbana-ciudad-real","status":"publish","type":"post","link":"https:\/\/e-leclerc.es\/ciudad-real\/tendencias\/6a-carrera-urbana-ciudad-real\/","title":{"rendered":"6\u00aa carrera urbana Ciudad-Real"},"content":{"rendered":"<p>E.LECLERC COLABORA EN LA 6\u00aa CARRERA URBANA DE CIUDAD REAL<br \/>\nHipermercado E.Leclerc colabora junto con otras empresas de nuestra ciudad, la \u00ab6\u00aa CARRERA URBANA CIUDAD REAL 2013\u00bb. Esta prueba organizada por el Excmo. Ayuntamiento de Ciudad Real, est\u00e1 incluida en el Circuito Provincial de Carreras Populares de Ciudad Real \u00abTrofeo Diputaci\u00f3n de Ciudad Real 2013\u00bb. El recorrido ser\u00e1 sobre una distancia de 10Km, y se celebrar\u00e1 el pr\u00f3ximo 3 de marzo. <\/p>\n","protected":false},"excerpt":{"rendered":"<p>E.LECLERC COLABORA EN LA 6\u00aa CARRERA URBANA DE CIUDAD REAL Hipermercado E.Leclerc colabora junto con otras empresas de nuestra ciudad, la \u00ab6\u00aa CARRERA URBANA CIUDAD REAL 2013\u00bb. Esta prueba organizada por el Excmo. Ayuntamiento de Ciudad Real, est\u00e1 incluida en el Circuito Provincial de Carreras Populares de Ciudad Real \u00abTrofeo Diputaci\u00f3n de Ciudad Real 2013\u00bb. [&hellip;]<\/p>\n","protected":false},"author":0,"featured_media":6148,"comment_status":"","ping_status":"open","sticky":false,"template":"","format":"standard","meta":{"_acf_changed":false,"footnotes":""},"categories":[1],"tags":[],"class_list":["post-6147","post","type-post","status-publish","format-standard","has-post-thumbnail","hentry","category-uncategorized"],"acf":[],"yoast_head":"<!-- This site is optimized with the Yoast SEO plugin v27.4 - https:\/\/yoast.com\/product\/yoast-seo-wordpress\/ -->\n<title>6\u00aa carrera urbana Ciudad-Real - E.Leclerc Ciudad Real<\/title>\n<meta name=\"robots\" content=\"index, follow, max-snippet:-1, max-image-preview:large, max-video-preview:-1\" \/>\n<link rel=\"canonical\" href=\"https:\/\/e-leclerc.es\/ciudad-real\/tendencias\/6a-carrera-urbana-ciudad-real\/\" \/>\n<meta property=\"og:locale\" content=\"es_ES\" \/>\n<meta property=\"og:type\" content=\"article\" \/>\n<meta property=\"og:title\" content=\"6\u00aa carrera urbana Ciudad-Real - E.Leclerc Ciudad Real\" \/>\n<meta property=\"og:description\" content=\"E.LECLERC COLABORA EN LA 6\u00aa CARRERA URBANA DE CIUDAD REAL Hipermercado E.Leclerc colabora junto con otras empresas de nuestra ciudad, la \u00ab6\u00aa CARRERA URBANA CIUDAD REAL 2013\u00bb. Esta prueba organizada por el Excmo. Ayuntamiento de Ciudad Real, est\u00e1 incluida en el Circuito Provincial de Carreras Populares de Ciudad Real \u00abTrofeo Diputaci\u00f3n de Ciudad Real 2013\u00bb. [&hellip;]\" \/>\n<meta property=\"og:url\" content=\"https:\/\/e-leclerc.es\/ciudad-real\/tendencias\/6a-carrera-urbana-ciudad-real\/\" \/>\n<meta property=\"og:site_name\" content=\"E.Leclerc Ciudad Real\" \/>\n<meta property=\"article:published_time\" content=\"2016-05-10T09:02:46+00:00\" \/>\n<meta property=\"og:image\" content=\"https:\/\/e-leclerc.es\/ciudad-real\/wp-content\/uploads\/sites\/9\/2016\/05\/carrera-urbana-ii-jpg-1_612.jpg\" \/>\n\t<meta property=\"og:image:width\" content=\"225\" \/>\n\t<meta property=\"og:image:height\" content=\"225\" \/>\n\t<meta property=\"og:image:type\" content=\"image\/jpeg\" \/>\n<meta name=\"twitter:card\" content=\"summary_large_image\" \/>\n<script type=\"application\/ld+json\" class=\"yoast-schema-graph\">{\"@context\":\"https:\\\/\\\/schema.org\",\"@graph\":[{\"@type\":\"Article\",\"@id\":\"https:\\\/\\\/e-leclerc.es\\\/ciudad-real\\\/tendencias\\\/6a-carrera-urbana-ciudad-real\\\/#article\",\"isPartOf\":{\"@id\":\"https:\\\/\\\/e-leclerc.es\\\/ciudad-real\\\/tendencias\\\/6a-carrera-urbana-ciudad-real\\\/\"},\"author\":{\"name\":\"\",\"@id\":\"\"},\"headline\":\"6\u00aa carrera urbana Ciudad-Real\",\"datePublished\":\"2016-05-10T09:02:46+00:00\",\"mainEntityOfPage\":{\"@id\":\"https:\\\/\\\/e-leclerc.es\\\/ciudad-real\\\/tendencias\\\/6a-carrera-urbana-ciudad-real\\\/\"},\"wordCount\":73,\"publisher\":{\"@id\":\"https:\\\/\\\/e-leclerc.es\\\/ciudad-real\\\/#organization\"},\"image\":{\"@id\":\"https:\\\/\\\/e-leclerc.es\\\/ciudad-real\\\/tendencias\\\/6a-carrera-urbana-ciudad-real\\\/#primaryimage\"},\"thumbnailUrl\":\"https:\\\/\\\/e-leclerc.es\\\/ciudad-real\\\/wp-content\\\/uploads\\\/sites\\\/9\\\/2016\\\/05\\\/carrera-urbana-ii-jpg-1_612.jpg\",\"articleSection\":[\"E.Leclerc en los medios\"],\"inLanguage\":\"es\"},{\"@type\":\"WebPage\",\"@id\":\"https:\\\/\\\/e-leclerc.es\\\/ciudad-real\\\/tendencias\\\/6a-carrera-urbana-ciudad-real\\\/\",\"url\":\"https:\\\/\\\/e-leclerc.es\\\/ciudad-real\\\/tendencias\\\/6a-carrera-urbana-ciudad-real\\\/\",\"name\":\"6\u00aa carrera urbana Ciudad-Real - E.Leclerc Ciudad Real\",\"isPartOf\":{\"@id\":\"https:\\\/\\\/e-leclerc.es\\\/ciudad-real\\\/#website\"},\"primaryImageOfPage\":{\"@id\":\"https:\\\/\\\/e-leclerc.es\\\/ciudad-real\\\/tendencias\\\/6a-carrera-urbana-ciudad-real\\\/#primaryimage\"},\"image\":{\"@id\":\"https:\\\/\\\/e-leclerc.es\\\/ciudad-real\\\/tendencias\\\/6a-carrera-urbana-ciudad-real\\\/#primaryimage\"},\"thumbnailUrl\":\"https:\\\/\\\/e-leclerc.es\\\/ciudad-real\\\/wp-content\\\/uploads\\\/sites\\\/9\\\/2016\\\/05\\\/carrera-urbana-ii-jpg-1_612.jpg\",\"datePublished\":\"2016-05-10T09:02:46+00:00\",\"breadcrumb\":{\"@id\":\"https:\\\/\\\/e-leclerc.es\\\/ciudad-real\\\/tendencias\\\/6a-carrera-urbana-ciudad-real\\\/#breadcrumb\"},\"inLanguage\":\"es\",\"potentialAction\":[{\"@type\":\"ReadAction\",\"target\":[\"https:\\\/\\\/e-leclerc.es\\\/ciudad-real\\\/tendencias\\\/6a-carrera-urbana-ciudad-real\\\/\"]}]},{\"@type\":\"ImageObject\",\"inLanguage\":\"es\",\"@id\":\"https:\\\/\\\/e-leclerc.es\\\/ciudad-real\\\/tendencias\\\/6a-carrera-urbana-ciudad-real\\\/#primaryimage\",\"url\":\"https:\\\/\\\/e-leclerc.es\\\/ciudad-real\\\/wp-content\\\/uploads\\\/sites\\\/9\\\/2016\\\/05\\\/carrera-urbana-ii-jpg-1_612.jpg\",\"contentUrl\":\"https:\\\/\\\/e-leclerc.es\\\/ciudad-real\\\/wp-content\\\/uploads\\\/sites\\\/9\\\/2016\\\/05\\\/carrera-urbana-ii-jpg-1_612.jpg\",\"width\":225,\"height\":225},{\"@type\":\"BreadcrumbList\",\"@id\":\"https:\\\/\\\/e-leclerc.es\\\/ciudad-real\\\/tendencias\\\/6a-carrera-urbana-ciudad-real\\\/#breadcrumb\",\"itemListElement\":[{\"@type\":\"ListItem\",\"position\":1,\"name\":\"Portada\",\"item\":\"https:\\\/\\\/e-leclerc.es\\\/ciudad-real\\\/\"},{\"@type\":\"ListItem\",\"position\":2,\"name\":\"6\u00aa carrera urbana Ciudad-Real\"}]},{\"@type\":\"WebSite\",\"@id\":\"https:\\\/\\\/e-leclerc.es\\\/ciudad-real\\\/#website\",\"url\":\"https:\\\/\\\/e-leclerc.es\\\/ciudad-real\\\/\",\"name\":\"E.Leclerc Ciudad Real\",\"description\":\"Descubre los folletos, ofertas y promociones de nuestro hipermercado E.Leclerc Ciudad Real en Castilla-La Mancha. Direcci\u00f3n | Horario | Productos locales\",\"publisher\":{\"@id\":\"https:\\\/\\\/e-leclerc.es\\\/ciudad-real\\\/#organization\"},\"potentialAction\":[{\"@type\":\"SearchAction\",\"target\":{\"@type\":\"EntryPoint\",\"urlTemplate\":\"https:\\\/\\\/e-leclerc.es\\\/ciudad-real\\\/?s={search_term_string}\"},\"query-input\":{\"@type\":\"PropertyValueSpecification\",\"valueRequired\":true,\"valueName\":\"search_term_string\"}}],\"inLanguage\":\"es\"},{\"@type\":\"Organization\",\"@id\":\"https:\\\/\\\/e-leclerc.es\\\/ciudad-real\\\/#organization\",\"name\":\"E.Leclerc Ciudad Real\",\"url\":\"https:\\\/\\\/e-leclerc.es\\\/ciudad-real\\\/\",\"logo\":{\"@type\":\"ImageObject\",\"inLanguage\":\"es\",\"@id\":\"https:\\\/\\\/e-leclerc.es\\\/ciudad-real\\\/#\\\/schema\\\/logo\\\/image\\\/\",\"url\":\"https:\\\/\\\/e-leclerc.es\\\/ciudad-real\\\/wp-content\\\/uploads\\\/sites\\\/9\\\/2024\\\/03\\\/Leclerc_Logo.svg\",\"contentUrl\":\"https:\\\/\\\/e-leclerc.es\\\/ciudad-real\\\/wp-content\\\/uploads\\\/sites\\\/9\\\/2024\\\/03\\\/Leclerc_Logo.svg\",\"caption\":\"E.Leclerc Ciudad Real\"},\"image\":{\"@id\":\"https:\\\/\\\/e-leclerc.es\\\/ciudad-real\\\/#\\\/schema\\\/logo\\\/image\\\/\"}}]}<\/script>\n<!-- \/ Yoast SEO plugin. -->","yoast_head_json":{"title":"6\u00aa carrera urbana Ciudad-Real - E.Leclerc Ciudad Real","robots":{"index":"index","follow":"follow","max-snippet":"max-snippet:-1","max-image-preview":"max-image-preview:large","max-video-preview":"max-video-preview:-1"},"canonical":"https:\/\/e-leclerc.es\/ciudad-real\/tendencias\/6a-carrera-urbana-ciudad-real\/","og_locale":"es_ES","og_type":"article","og_title":"6\u00aa carrera urbana Ciudad-Real - E.Leclerc Ciudad Real","og_description":"E.LECLERC COLABORA EN LA 6\u00aa CARRERA URBANA DE CIUDAD REAL Hipermercado E.Leclerc colabora junto con otras empresas de nuestra ciudad, la \u00ab6\u00aa CARRERA URBANA CIUDAD REAL 2013\u00bb. Esta prueba organizada por el Excmo. Ayuntamiento de Ciudad Real, est\u00e1 incluida en el Circuito Provincial de Carreras Populares de Ciudad Real \u00abTrofeo Diputaci\u00f3n de Ciudad Real 2013\u00bb. [&hellip;]","og_url":"https:\/\/e-leclerc.es\/ciudad-real\/tendencias\/6a-carrera-urbana-ciudad-real\/","og_site_name":"E.Leclerc Ciudad Real","article_published_time":"2016-05-10T09:02:46+00:00","og_image":[{"width":225,"height":225,"url":"https:\/\/e-leclerc.es\/ciudad-real\/wp-content\/uploads\/sites\/9\/2016\/05\/carrera-urbana-ii-jpg-1_612.jpg","type":"image\/jpeg"}],"twitter_card":"summary_large_image","schema":{"@context":"https:\/\/schema.org","@graph":[{"@type":"Article","@id":"https:\/\/e-leclerc.es\/ciudad-real\/tendencias\/6a-carrera-urbana-ciudad-real\/#article","isPartOf":{"@id":"https:\/\/e-leclerc.es\/ciudad-real\/tendencias\/6a-carrera-urbana-ciudad-real\/"},"author":{"name":"","@id":""},"headline":"6\u00aa carrera urbana Ciudad-Real","datePublished":"2016-05-10T09:02:46+00:00","mainEntityOfPage":{"@id":"https:\/\/e-leclerc.es\/ciudad-real\/tendencias\/6a-carrera-urbana-ciudad-real\/"},"wordCount":73,"publisher":{"@id":"https:\/\/e-leclerc.es\/ciudad-real\/#organization"},"image":{"@id":"https:\/\/e-leclerc.es\/ciudad-real\/tendencias\/6a-carrera-urbana-ciudad-real\/#primaryimage"},"thumbnailUrl":"https:\/\/e-leclerc.es\/ciudad-real\/wp-content\/uploads\/sites\/9\/2016\/05\/carrera-urbana-ii-jpg-1_612.jpg","articleSection":["E.Leclerc en los medios"],"inLanguage":"es"},{"@type":"WebPage","@id":"https:\/\/e-leclerc.es\/ciudad-real\/tendencias\/6a-carrera-urbana-ciudad-real\/","url":"https:\/\/e-leclerc.es\/ciudad-real\/tendencias\/6a-carrera-urbana-ciudad-real\/","name":"6\u00aa carrera urbana Ciudad-Real - E.Leclerc Ciudad Real","isPartOf":{"@id":"https:\/\/e-leclerc.es\/ciudad-real\/#website"},"primaryImageOfPage":{"@id":"https:\/\/e-leclerc.es\/ciudad-real\/tendencias\/6a-carrera-urbana-ciudad-real\/#primaryimage"},"image":{"@id":"https:\/\/e-leclerc.es\/ciudad-real\/tendencias\/6a-carrera-urbana-ciudad-real\/#primaryimage"},"thumbnailUrl":"https:\/\/e-leclerc.es\/ciudad-real\/wp-content\/uploads\/sites\/9\/2016\/05\/carrera-urbana-ii-jpg-1_612.jpg","datePublished":"2016-05-10T09:02:46+00:00","breadcrumb":{"@id":"https:\/\/e-leclerc.es\/ciudad-real\/tendencias\/6a-carrera-urbana-ciudad-real\/#breadcrumb"},"inLanguage":"es","potentialAction":[{"@type":"ReadAction","target":["https:\/\/e-leclerc.es\/ciudad-real\/tendencias\/6a-carrera-urbana-ciudad-real\/"]}]},{"@type":"ImageObject","inLanguage":"es","@id":"https:\/\/e-leclerc.es\/ciudad-real\/tendencias\/6a-carrera-urbana-ciudad-real\/#primaryimage","url":"https:\/\/e-leclerc.es\/ciudad-real\/wp-content\/uploads\/sites\/9\/2016\/05\/carrera-urbana-ii-jpg-1_612.jpg","contentUrl":"https:\/\/e-leclerc.es\/ciudad-real\/wp-content\/uploads\/sites\/9\/2016\/05\/carrera-urbana-ii-jpg-1_612.jpg","width":225,"height":225},{"@type":"BreadcrumbList","@id":"https:\/\/e-leclerc.es\/ciudad-real\/tendencias\/6a-carrera-urbana-ciudad-real\/#breadcrumb","itemListElement":[{"@type":"ListItem","position":1,"name":"Portada","item":"https:\/\/e-leclerc.es\/ciudad-real\/"},{"@type":"ListItem","position":2,"name":"6\u00aa carrera urbana Ciudad-Real"}]},{"@type":"WebSite","@id":"https:\/\/e-leclerc.es\/ciudad-real\/#website","url":"https:\/\/e-leclerc.es\/ciudad-real\/","name":"E.Leclerc Ciudad Real","description":"Descubre los folletos, ofertas y promociones de nuestro hipermercado E.Leclerc Ciudad Real en Castilla-La Mancha. Direcci\u00f3n | Horario | Productos locales","publisher":{"@id":"https:\/\/e-leclerc.es\/ciudad-real\/#organization"},"potentialAction":[{"@type":"SearchAction","target":{"@type":"EntryPoint","urlTemplate":"https:\/\/e-leclerc.es\/ciudad-real\/?s={search_term_string}"},"query-input":{"@type":"PropertyValueSpecification","valueRequired":true,"valueName":"search_term_string"}}],"inLanguage":"es"},{"@type":"Organization","@id":"https:\/\/e-leclerc.es\/ciudad-real\/#organization","name":"E.Leclerc Ciudad Real","url":"https:\/\/e-leclerc.es\/ciudad-real\/","logo":{"@type":"ImageObject","inLanguage":"es","@id":"https:\/\/e-leclerc.es\/ciudad-real\/#\/schema\/logo\/image\/","url":"https:\/\/e-leclerc.es\/ciudad-real\/wp-content\/uploads\/sites\/9\/2024\/03\/Leclerc_Logo.svg","contentUrl":"https:\/\/e-leclerc.es\/ciudad-real\/wp-content\/uploads\/sites\/9\/2024\/03\/Leclerc_Logo.svg","caption":"E.Leclerc Ciudad Real"},"image":{"@id":"https:\/\/e-leclerc.es\/ciudad-real\/#\/schema\/logo\/image\/"}}]}},"_links":{"self":[{"href":"https:\/\/e-leclerc.es\/ciudad-real\/wp-json\/wp\/v2\/posts\/6147","targetHints":{"allow":["GET"]}}],"collection":[{"href":"https:\/\/e-leclerc.es\/ciudad-real\/wp-json\/wp\/v2\/posts"}],"about":[{"href":"https:\/\/e-leclerc.es\/ciudad-real\/wp-json\/wp\/v2\/types\/post"}],"replies":[{"embeddable":true,"href":"https:\/\/e-leclerc.es\/ciudad-real\/wp-json\/wp\/v2\/comments?post=6147"}],"version-history":[{"count":0,"href":"https:\/\/e-leclerc.es\/ciudad-real\/wp-json\/wp\/v2\/posts\/6147\/revisions"}],"wp:featuredmedia":[{"embeddable":true,"href":"https:\/\/e-leclerc.es\/ciudad-real\/wp-json\/wp\/v2\/media\/6148"}],"wp:attachment":[{"href":"https:\/\/e-leclerc.es\/ciudad-real\/wp-json\/wp\/v2\/media?parent=6147"}],"wp:term":[{"taxonomy":"category","embeddable":true,"href":"https:\/\/e-leclerc.es\/ciudad-real\/wp-json\/wp\/v2\/categories?post=6147"},{"taxonomy":"post_tag","embeddable":true,"href":"https:\/\/e-leclerc.es\/ciudad-real\/wp-json\/wp\/v2\/tags?post=6147"}],"curies":[{"name":"wp","href":"https:\/\/api.w.org\/{rel}","templated":true}]}}