{"id":6034,"date":"2024-01-15T15:27:37","date_gmt":"2024-01-15T14:27:37","guid":{"rendered":"https:\/\/www.e-leclerc.es\/aranjuez\/tendencias\/sabias-que-la-belleza-tambien-esta-en-electro\/"},"modified":"2024-04-30T17:20:20","modified_gmt":"2024-04-30T15:20:20","slug":"sabias-que-la-belleza-tambien-esta-en-electro","status":"publish","type":"post","link":"https:\/\/e-leclerc.es\/aranjuez\/tendencias\/sabias-que-la-belleza-tambien-esta-en-electro\/","title":{"rendered":"\u00bfSab\u00edas que la belleza tambi\u00e9n est\u00e1 en Electro?"},"content":{"rendered":"<p><img decoding=\"async\" class=\"aligncenter\" src=\"https:\/\/leclerc-es-v2.s3.amazonaws.com\/uploads\/news\/image\/1733\/show_preserved_093657.jpg\" \/><\/p>\n<p>En E.Leclerc Aranjuez, nos mantenemos a la vanguardia con electrodom\u00e9sticos que incorporan las \u00faltimas innovaciones. Normalmente la responsable de la secci\u00f3n, Ana, se re\u00fane mensualmente con proveedores para ver todas las novedades, y la selecci\u00f3n que trae se basa en conseguir la mayor calidad con el precio m\u00e1s competitivo.<br \/>\nActualmente disponen de nuevos modelos en lo que a secadores y planchas de pelo se refiere, ya que se han recibido \u00faltimamente planchas de pelo con vapor, para que lo puedas usar con el pelo h\u00famedo, planchas moldeadoras para crear diferentes looks, o rizadores con rodillo giratorio, para poder moldear el cabello.<br \/>\nRespecto a los secadores nos cuentan que la \u00faltima incorporaci\u00f3n son los de motor AC, que es m\u00e1s profesional y est\u00e1 indicado para largos usos, y los i\u00f3nicos, para proteger el cabello al mismo tiempo que le aportamos m\u00e1s brillo y suavidad. De hecho hay novedades de packs de secador con limpiador facial o set m\u00e1s profesionales con varios accesorios, incluido cepillo modelador.<br \/>\nTambi\u00e9n tienes una amplia gama de depiladoras, con novedades sobre todo en las de luz pulsada o l\u00e1ser, en grandes marcas como Cecotec, que combinan dise\u00f1os ergon\u00f3micos con tecnolog\u00eda m\u00e1s innovadora, o que incluyen nuevos accesorios como para la zona del ment\u00f3n, ya no s\u00f3lo para el bikini.<br \/>\nRespecto al cuidado masculino, nos indican que las afeitadoras est\u00e1n volviendo a incorporar el cortapatillas pero que destacan \u201clos multi\u201d, que son recortadores que te pueden servir tanto para la cabeza, como para la barba o el cuerpo con la mayor precisi\u00f3n.<br \/>\nAtr\u00e9vete a mejorar tu rutina de belleza con nuestros electrodom\u00e9sticos de alta calidad. Ven a vernos y descubre c\u00f3mo puedes elevar tu estilo mejorando tu cuidado personal. \u00a1Porque la belleza est\u00e1 en cada detalle! \u2728<\/p>\n","protected":false},"excerpt":{"rendered":"<p>? Aunque la parte de belleza en peque\u00f1o electrodom\u00e9stico se extiende en superficie solo un 20% de nuestra secci\u00f3n de Electro, en ventas es una de las m\u00e1s punteras, sobre todo en temporada de Navidad, concretamente de cara a Reyes. <\/p>\n","protected":false},"author":3,"featured_media":6035,"comment_status":"closed","ping_status":"open","sticky":false,"template":"","format":"standard","meta":{"_acf_changed":false,"footnotes":""},"categories":[1],"tags":[],"class_list":["post-6034","post","type-post","status-publish","format-standard","has-post-thumbnail","hentry","category-uncategorized"],"acf":[],"yoast_head":"<!-- This site is optimized with the Yoast SEO plugin v27.4 - https:\/\/yoast.com\/product\/yoast-seo-wordpress\/ -->\n<title>\u00bfSab\u00edas que la belleza tambi\u00e9n est\u00e1 en Electro? - E.Leclerc Aranjuez<\/title>\n<meta name=\"robots\" content=\"index, follow, max-snippet:-1, max-image-preview:large, max-video-preview:-1\" \/>\n<link rel=\"canonical\" href=\"https:\/\/e-leclerc.es\/aranjuez\/tendencias\/sabias-que-la-belleza-tambien-esta-en-electro\/\" \/>\n<meta property=\"og:locale\" content=\"es_ES\" \/>\n<meta property=\"og:type\" content=\"article\" \/>\n<meta property=\"og:title\" content=\"\u00bfSab\u00edas que la belleza tambi\u00e9n est\u00e1 en Electro? - E.Leclerc Aranjuez\" \/>\n<meta property=\"og:description\" content=\"? Aunque la parte de belleza en peque\u00f1o electrodom\u00e9stico se extiende en superficie solo un 20% de nuestra secci\u00f3n de Electro, en ventas es una de las m\u00e1s punteras, sobre todo en temporada de Navidad, concretamente de cara a Reyes.\" \/>\n<meta property=\"og:url\" content=\"https:\/\/e-leclerc.es\/aranjuez\/tendencias\/sabias-que-la-belleza-tambien-esta-en-electro\/\" \/>\n<meta property=\"og:site_name\" content=\"E.Leclerc Aranjuez\" \/>\n<meta property=\"article:published_time\" content=\"2024-01-15T14:27:37+00:00\" \/>\n<meta property=\"article:modified_time\" content=\"2024-04-30T15:20:20+00:00\" \/>\n<meta property=\"og:image\" content=\"https:\/\/e-leclerc.es\/aranjuez\/wp-content\/uploads\/sites\/11\/2024\/01\/093657_1733.jpg\" \/>\n\t<meta property=\"og:image:width\" content=\"1417\" \/>\n\t<meta property=\"og:image:height\" content=\"1890\" \/>\n\t<meta property=\"og:image:type\" content=\"image\/jpeg\" \/>\n<meta name=\"author\" content=\"kiko\" \/>\n<meta name=\"twitter:card\" content=\"summary_large_image\" \/>\n<meta name=\"twitter:label1\" content=\"Escrito por\" \/>\n\t<meta name=\"twitter:data1\" content=\"kiko\" \/>\n\t<meta name=\"twitter:label2\" content=\"Tiempo de lectura\" \/>\n\t<meta name=\"twitter:data2\" content=\"2 minutos\" \/>\n<script type=\"application\/ld+json\" class=\"yoast-schema-graph\">{\"@context\":\"https:\\\/\\\/schema.org\",\"@graph\":[{\"@type\":\"Article\",\"@id\":\"https:\\\/\\\/e-leclerc.es\\\/aranjuez\\\/tendencias\\\/sabias-que-la-belleza-tambien-esta-en-electro\\\/#article\",\"isPartOf\":{\"@id\":\"https:\\\/\\\/e-leclerc.es\\\/aranjuez\\\/tendencias\\\/sabias-que-la-belleza-tambien-esta-en-electro\\\/\"},\"author\":{\"name\":\"kiko\",\"@id\":\"https:\\\/\\\/e-leclerc.es\\\/aranjuez\\\/#\\\/schema\\\/person\\\/ebd23f1e1a01656626d1a4d6249714aa\"},\"headline\":\"\u00bfSab\u00edas que la belleza tambi\u00e9n est\u00e1 en Electro?\",\"datePublished\":\"2024-01-15T14:27:37+00:00\",\"dateModified\":\"2024-04-30T15:20:20+00:00\",\"mainEntityOfPage\":{\"@id\":\"https:\\\/\\\/e-leclerc.es\\\/aranjuez\\\/tendencias\\\/sabias-que-la-belleza-tambien-esta-en-electro\\\/\"},\"wordCount\":323,\"publisher\":{\"@id\":\"https:\\\/\\\/e-leclerc.es\\\/aranjuez\\\/#organization\"},\"image\":{\"@id\":\"https:\\\/\\\/e-leclerc.es\\\/aranjuez\\\/tendencias\\\/sabias-que-la-belleza-tambien-esta-en-electro\\\/#primaryimage\"},\"thumbnailUrl\":\"https:\\\/\\\/e-leclerc.es\\\/aranjuez\\\/wp-content\\\/uploads\\\/sites\\\/11\\\/2024\\\/01\\\/093657_1733.jpg\",\"articleSection\":[\"Uncategorized\"],\"inLanguage\":\"es\"},{\"@type\":\"WebPage\",\"@id\":\"https:\\\/\\\/e-leclerc.es\\\/aranjuez\\\/tendencias\\\/sabias-que-la-belleza-tambien-esta-en-electro\\\/\",\"url\":\"https:\\\/\\\/e-leclerc.es\\\/aranjuez\\\/tendencias\\\/sabias-que-la-belleza-tambien-esta-en-electro\\\/\",\"name\":\"\u00bfSab\u00edas que la belleza tambi\u00e9n est\u00e1 en Electro? - E.Leclerc Aranjuez\",\"isPartOf\":{\"@id\":\"https:\\\/\\\/e-leclerc.es\\\/aranjuez\\\/#website\"},\"primaryImageOfPage\":{\"@id\":\"https:\\\/\\\/e-leclerc.es\\\/aranjuez\\\/tendencias\\\/sabias-que-la-belleza-tambien-esta-en-electro\\\/#primaryimage\"},\"image\":{\"@id\":\"https:\\\/\\\/e-leclerc.es\\\/aranjuez\\\/tendencias\\\/sabias-que-la-belleza-tambien-esta-en-electro\\\/#primaryimage\"},\"thumbnailUrl\":\"https:\\\/\\\/e-leclerc.es\\\/aranjuez\\\/wp-content\\\/uploads\\\/sites\\\/11\\\/2024\\\/01\\\/093657_1733.jpg\",\"datePublished\":\"2024-01-15T14:27:37+00:00\",\"dateModified\":\"2024-04-30T15:20:20+00:00\",\"breadcrumb\":{\"@id\":\"https:\\\/\\\/e-leclerc.es\\\/aranjuez\\\/tendencias\\\/sabias-que-la-belleza-tambien-esta-en-electro\\\/#breadcrumb\"},\"inLanguage\":\"es\",\"potentialAction\":[{\"@type\":\"ReadAction\",\"target\":[\"https:\\\/\\\/e-leclerc.es\\\/aranjuez\\\/tendencias\\\/sabias-que-la-belleza-tambien-esta-en-electro\\\/\"]}]},{\"@type\":\"ImageObject\",\"inLanguage\":\"es\",\"@id\":\"https:\\\/\\\/e-leclerc.es\\\/aranjuez\\\/tendencias\\\/sabias-que-la-belleza-tambien-esta-en-electro\\\/#primaryimage\",\"url\":\"https:\\\/\\\/e-leclerc.es\\\/aranjuez\\\/wp-content\\\/uploads\\\/sites\\\/11\\\/2024\\\/01\\\/093657_1733.jpg\",\"contentUrl\":\"https:\\\/\\\/e-leclerc.es\\\/aranjuez\\\/wp-content\\\/uploads\\\/sites\\\/11\\\/2024\\\/01\\\/093657_1733.jpg\",\"width\":1417,\"height\":1890},{\"@type\":\"BreadcrumbList\",\"@id\":\"https:\\\/\\\/e-leclerc.es\\\/aranjuez\\\/tendencias\\\/sabias-que-la-belleza-tambien-esta-en-electro\\\/#breadcrumb\",\"itemListElement\":[{\"@type\":\"ListItem\",\"position\":1,\"name\":\"Portada\",\"item\":\"https:\\\/\\\/e-leclerc.es\\\/aranjuez\\\/\"},{\"@type\":\"ListItem\",\"position\":2,\"name\":\"\u00bfSab\u00edas que la belleza tambi\u00e9n est\u00e1 en Electro?\"}]},{\"@type\":\"WebSite\",\"@id\":\"https:\\\/\\\/e-leclerc.es\\\/aranjuez\\\/#website\",\"url\":\"https:\\\/\\\/e-leclerc.es\\\/aranjuez\\\/\",\"name\":\"E.Leclerc Aranjuez\",\"description\":\"Descubre los folletos, ofertas y promociones de nuestro hipermercado E.Leclerc Aranjuez en Comunidad de Madrid. Direcci\u00f3n | Horario | Productos locales\",\"publisher\":{\"@id\":\"https:\\\/\\\/e-leclerc.es\\\/aranjuez\\\/#organization\"},\"potentialAction\":[{\"@type\":\"SearchAction\",\"target\":{\"@type\":\"EntryPoint\",\"urlTemplate\":\"https:\\\/\\\/e-leclerc.es\\\/aranjuez\\\/?s={search_term_string}\"},\"query-input\":{\"@type\":\"PropertyValueSpecification\",\"valueRequired\":true,\"valueName\":\"search_term_string\"}}],\"inLanguage\":\"es\"},{\"@type\":\"Organization\",\"@id\":\"https:\\\/\\\/e-leclerc.es\\\/aranjuez\\\/#organization\",\"name\":\"E.Leclerc Aranjuez\",\"url\":\"https:\\\/\\\/e-leclerc.es\\\/aranjuez\\\/\",\"logo\":{\"@type\":\"ImageObject\",\"inLanguage\":\"es\",\"@id\":\"https:\\\/\\\/e-leclerc.es\\\/aranjuez\\\/#\\\/schema\\\/logo\\\/image\\\/\",\"url\":\"https:\\\/\\\/e-leclerc.es\\\/aranjuez\\\/wp-content\\\/uploads\\\/sites\\\/11\\\/2024\\\/03\\\/Leclerc_Logo.svg\",\"contentUrl\":\"https:\\\/\\\/e-leclerc.es\\\/aranjuez\\\/wp-content\\\/uploads\\\/sites\\\/11\\\/2024\\\/03\\\/Leclerc_Logo.svg\",\"caption\":\"E.Leclerc Aranjuez\"},\"image\":{\"@id\":\"https:\\\/\\\/e-leclerc.es\\\/aranjuez\\\/#\\\/schema\\\/logo\\\/image\\\/\"}},{\"@type\":\"Person\",\"@id\":\"https:\\\/\\\/e-leclerc.es\\\/aranjuez\\\/#\\\/schema\\\/person\\\/ebd23f1e1a01656626d1a4d6249714aa\",\"name\":\"kiko\",\"url\":\"https:\\\/\\\/e-leclerc.es\\\/aranjuez\\\/author\\\/kiko\\\/\"}]}<\/script>\n<!-- \/ Yoast SEO plugin. -->","yoast_head_json":{"title":"\u00bfSab\u00edas que la belleza tambi\u00e9n est\u00e1 en Electro? - E.Leclerc Aranjuez","robots":{"index":"index","follow":"follow","max-snippet":"max-snippet:-1","max-image-preview":"max-image-preview:large","max-video-preview":"max-video-preview:-1"},"canonical":"https:\/\/e-leclerc.es\/aranjuez\/tendencias\/sabias-que-la-belleza-tambien-esta-en-electro\/","og_locale":"es_ES","og_type":"article","og_title":"\u00bfSab\u00edas que la belleza tambi\u00e9n est\u00e1 en Electro? - E.Leclerc Aranjuez","og_description":"? Aunque la parte de belleza en peque\u00f1o electrodom\u00e9stico se extiende en superficie solo un 20% de nuestra secci\u00f3n de Electro, en ventas es una de las m\u00e1s punteras, sobre todo en temporada de Navidad, concretamente de cara a Reyes.","og_url":"https:\/\/e-leclerc.es\/aranjuez\/tendencias\/sabias-que-la-belleza-tambien-esta-en-electro\/","og_site_name":"E.Leclerc Aranjuez","article_published_time":"2024-01-15T14:27:37+00:00","article_modified_time":"2024-04-30T15:20:20+00:00","og_image":[{"width":1417,"height":1890,"url":"https:\/\/e-leclerc.es\/aranjuez\/wp-content\/uploads\/sites\/11\/2024\/01\/093657_1733.jpg","type":"image\/jpeg"}],"author":"kiko","twitter_card":"summary_large_image","twitter_misc":{"Escrito por":"kiko","Tiempo de lectura":"2 minutos"},"schema":{"@context":"https:\/\/schema.org","@graph":[{"@type":"Article","@id":"https:\/\/e-leclerc.es\/aranjuez\/tendencias\/sabias-que-la-belleza-tambien-esta-en-electro\/#article","isPartOf":{"@id":"https:\/\/e-leclerc.es\/aranjuez\/tendencias\/sabias-que-la-belleza-tambien-esta-en-electro\/"},"author":{"name":"kiko","@id":"https:\/\/e-leclerc.es\/aranjuez\/#\/schema\/person\/ebd23f1e1a01656626d1a4d6249714aa"},"headline":"\u00bfSab\u00edas que la belleza tambi\u00e9n est\u00e1 en Electro?","datePublished":"2024-01-15T14:27:37+00:00","dateModified":"2024-04-30T15:20:20+00:00","mainEntityOfPage":{"@id":"https:\/\/e-leclerc.es\/aranjuez\/tendencias\/sabias-que-la-belleza-tambien-esta-en-electro\/"},"wordCount":323,"publisher":{"@id":"https:\/\/e-leclerc.es\/aranjuez\/#organization"},"image":{"@id":"https:\/\/e-leclerc.es\/aranjuez\/tendencias\/sabias-que-la-belleza-tambien-esta-en-electro\/#primaryimage"},"thumbnailUrl":"https:\/\/e-leclerc.es\/aranjuez\/wp-content\/uploads\/sites\/11\/2024\/01\/093657_1733.jpg","articleSection":["Uncategorized"],"inLanguage":"es"},{"@type":"WebPage","@id":"https:\/\/e-leclerc.es\/aranjuez\/tendencias\/sabias-que-la-belleza-tambien-esta-en-electro\/","url":"https:\/\/e-leclerc.es\/aranjuez\/tendencias\/sabias-que-la-belleza-tambien-esta-en-electro\/","name":"\u00bfSab\u00edas que la belleza tambi\u00e9n est\u00e1 en Electro? - E.Leclerc Aranjuez","isPartOf":{"@id":"https:\/\/e-leclerc.es\/aranjuez\/#website"},"primaryImageOfPage":{"@id":"https:\/\/e-leclerc.es\/aranjuez\/tendencias\/sabias-que-la-belleza-tambien-esta-en-electro\/#primaryimage"},"image":{"@id":"https:\/\/e-leclerc.es\/aranjuez\/tendencias\/sabias-que-la-belleza-tambien-esta-en-electro\/#primaryimage"},"thumbnailUrl":"https:\/\/e-leclerc.es\/aranjuez\/wp-content\/uploads\/sites\/11\/2024\/01\/093657_1733.jpg","datePublished":"2024-01-15T14:27:37+00:00","dateModified":"2024-04-30T15:20:20+00:00","breadcrumb":{"@id":"https:\/\/e-leclerc.es\/aranjuez\/tendencias\/sabias-que-la-belleza-tambien-esta-en-electro\/#breadcrumb"},"inLanguage":"es","potentialAction":[{"@type":"ReadAction","target":["https:\/\/e-leclerc.es\/aranjuez\/tendencias\/sabias-que-la-belleza-tambien-esta-en-electro\/"]}]},{"@type":"ImageObject","inLanguage":"es","@id":"https:\/\/e-leclerc.es\/aranjuez\/tendencias\/sabias-que-la-belleza-tambien-esta-en-electro\/#primaryimage","url":"https:\/\/e-leclerc.es\/aranjuez\/wp-content\/uploads\/sites\/11\/2024\/01\/093657_1733.jpg","contentUrl":"https:\/\/e-leclerc.es\/aranjuez\/wp-content\/uploads\/sites\/11\/2024\/01\/093657_1733.jpg","width":1417,"height":1890},{"@type":"BreadcrumbList","@id":"https:\/\/e-leclerc.es\/aranjuez\/tendencias\/sabias-que-la-belleza-tambien-esta-en-electro\/#breadcrumb","itemListElement":[{"@type":"ListItem","position":1,"name":"Portada","item":"https:\/\/e-leclerc.es\/aranjuez\/"},{"@type":"ListItem","position":2,"name":"\u00bfSab\u00edas que la belleza tambi\u00e9n est\u00e1 en Electro?"}]},{"@type":"WebSite","@id":"https:\/\/e-leclerc.es\/aranjuez\/#website","url":"https:\/\/e-leclerc.es\/aranjuez\/","name":"E.Leclerc Aranjuez","description":"Descubre los folletos, ofertas y promociones de nuestro hipermercado E.Leclerc Aranjuez en Comunidad de Madrid. Direcci\u00f3n | Horario | Productos locales","publisher":{"@id":"https:\/\/e-leclerc.es\/aranjuez\/#organization"},"potentialAction":[{"@type":"SearchAction","target":{"@type":"EntryPoint","urlTemplate":"https:\/\/e-leclerc.es\/aranjuez\/?s={search_term_string}"},"query-input":{"@type":"PropertyValueSpecification","valueRequired":true,"valueName":"search_term_string"}}],"inLanguage":"es"},{"@type":"Organization","@id":"https:\/\/e-leclerc.es\/aranjuez\/#organization","name":"E.Leclerc Aranjuez","url":"https:\/\/e-leclerc.es\/aranjuez\/","logo":{"@type":"ImageObject","inLanguage":"es","@id":"https:\/\/e-leclerc.es\/aranjuez\/#\/schema\/logo\/image\/","url":"https:\/\/e-leclerc.es\/aranjuez\/wp-content\/uploads\/sites\/11\/2024\/03\/Leclerc_Logo.svg","contentUrl":"https:\/\/e-leclerc.es\/aranjuez\/wp-content\/uploads\/sites\/11\/2024\/03\/Leclerc_Logo.svg","caption":"E.Leclerc Aranjuez"},"image":{"@id":"https:\/\/e-leclerc.es\/aranjuez\/#\/schema\/logo\/image\/"}},{"@type":"Person","@id":"https:\/\/e-leclerc.es\/aranjuez\/#\/schema\/person\/ebd23f1e1a01656626d1a4d6249714aa","name":"kiko","url":"https:\/\/e-leclerc.es\/aranjuez\/author\/kiko\/"}]}},"_links":{"self":[{"href":"https:\/\/e-leclerc.es\/aranjuez\/wp-json\/wp\/v2\/posts\/6034","targetHints":{"allow":["GET"]}}],"collection":[{"href":"https:\/\/e-leclerc.es\/aranjuez\/wp-json\/wp\/v2\/posts"}],"about":[{"href":"https:\/\/e-leclerc.es\/aranjuez\/wp-json\/wp\/v2\/types\/post"}],"author":[{"embeddable":true,"href":"https:\/\/e-leclerc.es\/aranjuez\/wp-json\/wp\/v2\/users\/3"}],"replies":[{"embeddable":true,"href":"https:\/\/e-leclerc.es\/aranjuez\/wp-json\/wp\/v2\/comments?post=6034"}],"version-history":[{"count":1,"href":"https:\/\/e-leclerc.es\/aranjuez\/wp-json\/wp\/v2\/posts\/6034\/revisions"}],"predecessor-version":[{"id":7031,"href":"https:\/\/e-leclerc.es\/aranjuez\/wp-json\/wp\/v2\/posts\/6034\/revisions\/7031"}],"wp:featuredmedia":[{"embeddable":true,"href":"https:\/\/e-leclerc.es\/aranjuez\/wp-json\/wp\/v2\/media\/6035"}],"wp:attachment":[{"href":"https:\/\/e-leclerc.es\/aranjuez\/wp-json\/wp\/v2\/media?parent=6034"}],"wp:term":[{"taxonomy":"category","embeddable":true,"href":"https:\/\/e-leclerc.es\/aranjuez\/wp-json\/wp\/v2\/categories?post=6034"},{"taxonomy":"post_tag","embeddable":true,"href":"https:\/\/e-leclerc.es\/aranjuez\/wp-json\/wp\/v2\/tags?post=6034"}],"curies":[{"name":"wp","href":"https:\/\/api.w.org\/{rel}","templated":true}]}}