{"id":6018,"date":"2017-06-14T11:09:27","date_gmt":"2017-06-14T09:09:27","guid":{"rendered":"https:\/\/www.e-leclerc.es\/aranjuez\/tendencias\/e-leclerc-aranjuez-celebra-su-18-aniversario-premiando-a-sus-clientes\/"},"modified":"2017-06-14T11:09:27","modified_gmt":"2017-06-14T09:09:27","slug":"e-leclerc-aranjuez-celebra-su-18-aniversario-premiando-a-sus-clientes","status":"publish","type":"post","link":"https:\/\/e-leclerc.es\/aranjuez\/tendencias\/e-leclerc-aranjuez-celebra-su-18-aniversario-premiando-a-sus-clientes\/","title":{"rendered":"E.Leclerc Aranjuez celebra su 18 aniversario premiando a sus clientes"},"content":{"rendered":"<p>El hipermercado <strong>E.Leclerc de Aranjuez<\/strong> celebra durante estos d\u00edas y hasta el <strong>5 de julio<\/strong> de 2017 sus <strong>18 a\u00f1os<\/strong> de apertura sorteando diversos regalos entre sus clientes y con ofertas especiales de <strong>hasta el 100% de descuento<\/strong> en la segunda unidad en sus productos.<\/p>\n<p>As\u00ed, todas las personas que realicen su compra en el hipermercado podr\u00e1n participar en el <strong>sorteo diario<\/strong> de vales de compra, televisores, smartphones, videoconsolas y tabletas; as\u00ed como en el <strong>sorteo de un coche<\/strong>, que tendr\u00e1 lugar el 6 de julio.<\/p>\n<h3>Otras tiendas que han celebrado sus Aniversarios<\/h3>\n<p>En los \u00faltimos d\u00edas tambi\u00e9n han soplado las velas los hipermercados de <strong>E.Leclerc Pamplona<\/strong>, <strong>E.Leclerc Ciudad Real<\/strong> y <strong>E.Leclerc Soria<\/strong>, quienes lo han celebrado con diferentes y variadas actividades, como conciertos, degustaciones, d\u00edas gastron\u00f3micos, sorteos o juegos para los m\u00e1s peque\u00f1os.<\/p>\n","protected":false},"excerpt":{"rendered":"<p>Todas las personas que realicen su compra en el hipermercado participar\u00e1n en el sorteo de varios premios, entre ellos un coche<\/p>\n","protected":false},"author":0,"featured_media":6019,"comment_status":"","ping_status":"open","sticky":false,"template":"","format":"standard","meta":{"_acf_changed":false,"footnotes":""},"categories":[1],"tags":[],"class_list":["post-6018","post","type-post","status-publish","format-standard","has-post-thumbnail","hentry","category-uncategorized"],"acf":[],"yoast_head":"<!-- This site is optimized with the Yoast SEO plugin v27.4 - https:\/\/yoast.com\/product\/yoast-seo-wordpress\/ -->\n<title>E.Leclerc Aranjuez celebra su 18 aniversario premiando a sus clientes - E.Leclerc Aranjuez<\/title>\n<meta name=\"robots\" content=\"index, follow, max-snippet:-1, max-image-preview:large, max-video-preview:-1\" \/>\n<link rel=\"canonical\" href=\"https:\/\/e-leclerc.es\/aranjuez\/tendencias\/e-leclerc-aranjuez-celebra-su-18-aniversario-premiando-a-sus-clientes\/\" \/>\n<meta property=\"og:locale\" content=\"es_ES\" \/>\n<meta property=\"og:type\" content=\"article\" \/>\n<meta property=\"og:title\" content=\"E.Leclerc Aranjuez celebra su 18 aniversario premiando a sus clientes - E.Leclerc Aranjuez\" \/>\n<meta property=\"og:description\" content=\"Todas las personas que realicen su compra en el hipermercado participar\u00e1n en el sorteo de varios premios, entre ellos un coche\" \/>\n<meta property=\"og:url\" content=\"https:\/\/e-leclerc.es\/aranjuez\/tendencias\/e-leclerc-aranjuez-celebra-su-18-aniversario-premiando-a-sus-clientes\/\" \/>\n<meta property=\"og:site_name\" content=\"E.Leclerc Aranjuez\" \/>\n<meta property=\"article:published_time\" content=\"2017-06-14T09:09:27+00:00\" \/>\n<meta property=\"og:image\" content=\"https:\/\/e-leclerc.es\/aranjuez\/wp-content\/uploads\/sites\/11\/2017\/06\/2baranjuez_1357.jpg\" \/>\n\t<meta property=\"og:image:width\" content=\"760\" \/>\n\t<meta property=\"og:image:height\" content=\"570\" \/>\n\t<meta property=\"og:image:type\" content=\"image\/jpeg\" \/>\n<meta name=\"twitter:card\" content=\"summary_large_image\" \/>\n<meta name=\"twitter:label1\" content=\"Tiempo de lectura\" \/>\n\t<meta name=\"twitter:data1\" content=\"1 minuto\" \/>\n<script type=\"application\/ld+json\" class=\"yoast-schema-graph\">{\"@context\":\"https:\\\/\\\/schema.org\",\"@graph\":[{\"@type\":\"Article\",\"@id\":\"https:\\\/\\\/e-leclerc.es\\\/aranjuez\\\/tendencias\\\/e-leclerc-aranjuez-celebra-su-18-aniversario-premiando-a-sus-clientes\\\/#article\",\"isPartOf\":{\"@id\":\"https:\\\/\\\/e-leclerc.es\\\/aranjuez\\\/tendencias\\\/e-leclerc-aranjuez-celebra-su-18-aniversario-premiando-a-sus-clientes\\\/\"},\"author\":{\"name\":\"\",\"@id\":\"\"},\"headline\":\"E.Leclerc Aranjuez celebra su 18 aniversario premiando a sus clientes\",\"datePublished\":\"2017-06-14T09:09:27+00:00\",\"mainEntityOfPage\":{\"@id\":\"https:\\\/\\\/e-leclerc.es\\\/aranjuez\\\/tendencias\\\/e-leclerc-aranjuez-celebra-su-18-aniversario-premiando-a-sus-clientes\\\/\"},\"wordCount\":152,\"publisher\":{\"@id\":\"https:\\\/\\\/e-leclerc.es\\\/aranjuez\\\/#organization\"},\"image\":{\"@id\":\"https:\\\/\\\/e-leclerc.es\\\/aranjuez\\\/tendencias\\\/e-leclerc-aranjuez-celebra-su-18-aniversario-premiando-a-sus-clientes\\\/#primaryimage\"},\"thumbnailUrl\":\"https:\\\/\\\/e-leclerc.es\\\/aranjuez\\\/wp-content\\\/uploads\\\/sites\\\/11\\\/2017\\\/06\\\/2baranjuez_1357.jpg\",\"articleSection\":[\"Uncategorized\"],\"inLanguage\":\"es\"},{\"@type\":\"WebPage\",\"@id\":\"https:\\\/\\\/e-leclerc.es\\\/aranjuez\\\/tendencias\\\/e-leclerc-aranjuez-celebra-su-18-aniversario-premiando-a-sus-clientes\\\/\",\"url\":\"https:\\\/\\\/e-leclerc.es\\\/aranjuez\\\/tendencias\\\/e-leclerc-aranjuez-celebra-su-18-aniversario-premiando-a-sus-clientes\\\/\",\"name\":\"E.Leclerc Aranjuez celebra su 18 aniversario premiando a sus clientes - E.Leclerc Aranjuez\",\"isPartOf\":{\"@id\":\"https:\\\/\\\/e-leclerc.es\\\/aranjuez\\\/#website\"},\"primaryImageOfPage\":{\"@id\":\"https:\\\/\\\/e-leclerc.es\\\/aranjuez\\\/tendencias\\\/e-leclerc-aranjuez-celebra-su-18-aniversario-premiando-a-sus-clientes\\\/#primaryimage\"},\"image\":{\"@id\":\"https:\\\/\\\/e-leclerc.es\\\/aranjuez\\\/tendencias\\\/e-leclerc-aranjuez-celebra-su-18-aniversario-premiando-a-sus-clientes\\\/#primaryimage\"},\"thumbnailUrl\":\"https:\\\/\\\/e-leclerc.es\\\/aranjuez\\\/wp-content\\\/uploads\\\/sites\\\/11\\\/2017\\\/06\\\/2baranjuez_1357.jpg\",\"datePublished\":\"2017-06-14T09:09:27+00:00\",\"breadcrumb\":{\"@id\":\"https:\\\/\\\/e-leclerc.es\\\/aranjuez\\\/tendencias\\\/e-leclerc-aranjuez-celebra-su-18-aniversario-premiando-a-sus-clientes\\\/#breadcrumb\"},\"inLanguage\":\"es\",\"potentialAction\":[{\"@type\":\"ReadAction\",\"target\":[\"https:\\\/\\\/e-leclerc.es\\\/aranjuez\\\/tendencias\\\/e-leclerc-aranjuez-celebra-su-18-aniversario-premiando-a-sus-clientes\\\/\"]}]},{\"@type\":\"ImageObject\",\"inLanguage\":\"es\",\"@id\":\"https:\\\/\\\/e-leclerc.es\\\/aranjuez\\\/tendencias\\\/e-leclerc-aranjuez-celebra-su-18-aniversario-premiando-a-sus-clientes\\\/#primaryimage\",\"url\":\"https:\\\/\\\/e-leclerc.es\\\/aranjuez\\\/wp-content\\\/uploads\\\/sites\\\/11\\\/2017\\\/06\\\/2baranjuez_1357.jpg\",\"contentUrl\":\"https:\\\/\\\/e-leclerc.es\\\/aranjuez\\\/wp-content\\\/uploads\\\/sites\\\/11\\\/2017\\\/06\\\/2baranjuez_1357.jpg\",\"width\":760,\"height\":570},{\"@type\":\"BreadcrumbList\",\"@id\":\"https:\\\/\\\/e-leclerc.es\\\/aranjuez\\\/tendencias\\\/e-leclerc-aranjuez-celebra-su-18-aniversario-premiando-a-sus-clientes\\\/#breadcrumb\",\"itemListElement\":[{\"@type\":\"ListItem\",\"position\":1,\"name\":\"Portada\",\"item\":\"https:\\\/\\\/e-leclerc.es\\\/aranjuez\\\/\"},{\"@type\":\"ListItem\",\"position\":2,\"name\":\"E.Leclerc Aranjuez celebra su 18 aniversario premiando a sus clientes\"}]},{\"@type\":\"WebSite\",\"@id\":\"https:\\\/\\\/e-leclerc.es\\\/aranjuez\\\/#website\",\"url\":\"https:\\\/\\\/e-leclerc.es\\\/aranjuez\\\/\",\"name\":\"E.Leclerc Aranjuez\",\"description\":\"Descubre los folletos, ofertas y promociones de nuestro hipermercado E.Leclerc Aranjuez en Comunidad de Madrid. Direcci\u00f3n | Horario | Productos locales\",\"publisher\":{\"@id\":\"https:\\\/\\\/e-leclerc.es\\\/aranjuez\\\/#organization\"},\"potentialAction\":[{\"@type\":\"SearchAction\",\"target\":{\"@type\":\"EntryPoint\",\"urlTemplate\":\"https:\\\/\\\/e-leclerc.es\\\/aranjuez\\\/?s={search_term_string}\"},\"query-input\":{\"@type\":\"PropertyValueSpecification\",\"valueRequired\":true,\"valueName\":\"search_term_string\"}}],\"inLanguage\":\"es\"},{\"@type\":\"Organization\",\"@id\":\"https:\\\/\\\/e-leclerc.es\\\/aranjuez\\\/#organization\",\"name\":\"E.Leclerc Aranjuez\",\"url\":\"https:\\\/\\\/e-leclerc.es\\\/aranjuez\\\/\",\"logo\":{\"@type\":\"ImageObject\",\"inLanguage\":\"es\",\"@id\":\"https:\\\/\\\/e-leclerc.es\\\/aranjuez\\\/#\\\/schema\\\/logo\\\/image\\\/\",\"url\":\"https:\\\/\\\/e-leclerc.es\\\/aranjuez\\\/wp-content\\\/uploads\\\/sites\\\/11\\\/2024\\\/03\\\/Leclerc_Logo.svg\",\"contentUrl\":\"https:\\\/\\\/e-leclerc.es\\\/aranjuez\\\/wp-content\\\/uploads\\\/sites\\\/11\\\/2024\\\/03\\\/Leclerc_Logo.svg\",\"caption\":\"E.Leclerc Aranjuez\"},\"image\":{\"@id\":\"https:\\\/\\\/e-leclerc.es\\\/aranjuez\\\/#\\\/schema\\\/logo\\\/image\\\/\"}}]}<\/script>\n<!-- \/ Yoast SEO plugin. -->","yoast_head_json":{"title":"E.Leclerc Aranjuez celebra su 18 aniversario premiando a sus clientes - E.Leclerc Aranjuez","robots":{"index":"index","follow":"follow","max-snippet":"max-snippet:-1","max-image-preview":"max-image-preview:large","max-video-preview":"max-video-preview:-1"},"canonical":"https:\/\/e-leclerc.es\/aranjuez\/tendencias\/e-leclerc-aranjuez-celebra-su-18-aniversario-premiando-a-sus-clientes\/","og_locale":"es_ES","og_type":"article","og_title":"E.Leclerc Aranjuez celebra su 18 aniversario premiando a sus clientes - E.Leclerc Aranjuez","og_description":"Todas las personas que realicen su compra en el hipermercado participar\u00e1n en el sorteo de varios premios, entre ellos un coche","og_url":"https:\/\/e-leclerc.es\/aranjuez\/tendencias\/e-leclerc-aranjuez-celebra-su-18-aniversario-premiando-a-sus-clientes\/","og_site_name":"E.Leclerc Aranjuez","article_published_time":"2017-06-14T09:09:27+00:00","og_image":[{"width":760,"height":570,"url":"https:\/\/e-leclerc.es\/aranjuez\/wp-content\/uploads\/sites\/11\/2017\/06\/2baranjuez_1357.jpg","type":"image\/jpeg"}],"twitter_card":"summary_large_image","twitter_misc":{"Tiempo de lectura":"1 minuto"},"schema":{"@context":"https:\/\/schema.org","@graph":[{"@type":"Article","@id":"https:\/\/e-leclerc.es\/aranjuez\/tendencias\/e-leclerc-aranjuez-celebra-su-18-aniversario-premiando-a-sus-clientes\/#article","isPartOf":{"@id":"https:\/\/e-leclerc.es\/aranjuez\/tendencias\/e-leclerc-aranjuez-celebra-su-18-aniversario-premiando-a-sus-clientes\/"},"author":{"name":"","@id":""},"headline":"E.Leclerc Aranjuez celebra su 18 aniversario premiando a sus clientes","datePublished":"2017-06-14T09:09:27+00:00","mainEntityOfPage":{"@id":"https:\/\/e-leclerc.es\/aranjuez\/tendencias\/e-leclerc-aranjuez-celebra-su-18-aniversario-premiando-a-sus-clientes\/"},"wordCount":152,"publisher":{"@id":"https:\/\/e-leclerc.es\/aranjuez\/#organization"},"image":{"@id":"https:\/\/e-leclerc.es\/aranjuez\/tendencias\/e-leclerc-aranjuez-celebra-su-18-aniversario-premiando-a-sus-clientes\/#primaryimage"},"thumbnailUrl":"https:\/\/e-leclerc.es\/aranjuez\/wp-content\/uploads\/sites\/11\/2017\/06\/2baranjuez_1357.jpg","articleSection":["Uncategorized"],"inLanguage":"es"},{"@type":"WebPage","@id":"https:\/\/e-leclerc.es\/aranjuez\/tendencias\/e-leclerc-aranjuez-celebra-su-18-aniversario-premiando-a-sus-clientes\/","url":"https:\/\/e-leclerc.es\/aranjuez\/tendencias\/e-leclerc-aranjuez-celebra-su-18-aniversario-premiando-a-sus-clientes\/","name":"E.Leclerc Aranjuez celebra su 18 aniversario premiando a sus clientes - E.Leclerc Aranjuez","isPartOf":{"@id":"https:\/\/e-leclerc.es\/aranjuez\/#website"},"primaryImageOfPage":{"@id":"https:\/\/e-leclerc.es\/aranjuez\/tendencias\/e-leclerc-aranjuez-celebra-su-18-aniversario-premiando-a-sus-clientes\/#primaryimage"},"image":{"@id":"https:\/\/e-leclerc.es\/aranjuez\/tendencias\/e-leclerc-aranjuez-celebra-su-18-aniversario-premiando-a-sus-clientes\/#primaryimage"},"thumbnailUrl":"https:\/\/e-leclerc.es\/aranjuez\/wp-content\/uploads\/sites\/11\/2017\/06\/2baranjuez_1357.jpg","datePublished":"2017-06-14T09:09:27+00:00","breadcrumb":{"@id":"https:\/\/e-leclerc.es\/aranjuez\/tendencias\/e-leclerc-aranjuez-celebra-su-18-aniversario-premiando-a-sus-clientes\/#breadcrumb"},"inLanguage":"es","potentialAction":[{"@type":"ReadAction","target":["https:\/\/e-leclerc.es\/aranjuez\/tendencias\/e-leclerc-aranjuez-celebra-su-18-aniversario-premiando-a-sus-clientes\/"]}]},{"@type":"ImageObject","inLanguage":"es","@id":"https:\/\/e-leclerc.es\/aranjuez\/tendencias\/e-leclerc-aranjuez-celebra-su-18-aniversario-premiando-a-sus-clientes\/#primaryimage","url":"https:\/\/e-leclerc.es\/aranjuez\/wp-content\/uploads\/sites\/11\/2017\/06\/2baranjuez_1357.jpg","contentUrl":"https:\/\/e-leclerc.es\/aranjuez\/wp-content\/uploads\/sites\/11\/2017\/06\/2baranjuez_1357.jpg","width":760,"height":570},{"@type":"BreadcrumbList","@id":"https:\/\/e-leclerc.es\/aranjuez\/tendencias\/e-leclerc-aranjuez-celebra-su-18-aniversario-premiando-a-sus-clientes\/#breadcrumb","itemListElement":[{"@type":"ListItem","position":1,"name":"Portada","item":"https:\/\/e-leclerc.es\/aranjuez\/"},{"@type":"ListItem","position":2,"name":"E.Leclerc Aranjuez celebra su 18 aniversario premiando a sus clientes"}]},{"@type":"WebSite","@id":"https:\/\/e-leclerc.es\/aranjuez\/#website","url":"https:\/\/e-leclerc.es\/aranjuez\/","name":"E.Leclerc Aranjuez","description":"Descubre los folletos, ofertas y promociones de nuestro hipermercado E.Leclerc Aranjuez en Comunidad de Madrid. Direcci\u00f3n | Horario | Productos locales","publisher":{"@id":"https:\/\/e-leclerc.es\/aranjuez\/#organization"},"potentialAction":[{"@type":"SearchAction","target":{"@type":"EntryPoint","urlTemplate":"https:\/\/e-leclerc.es\/aranjuez\/?s={search_term_string}"},"query-input":{"@type":"PropertyValueSpecification","valueRequired":true,"valueName":"search_term_string"}}],"inLanguage":"es"},{"@type":"Organization","@id":"https:\/\/e-leclerc.es\/aranjuez\/#organization","name":"E.Leclerc Aranjuez","url":"https:\/\/e-leclerc.es\/aranjuez\/","logo":{"@type":"ImageObject","inLanguage":"es","@id":"https:\/\/e-leclerc.es\/aranjuez\/#\/schema\/logo\/image\/","url":"https:\/\/e-leclerc.es\/aranjuez\/wp-content\/uploads\/sites\/11\/2024\/03\/Leclerc_Logo.svg","contentUrl":"https:\/\/e-leclerc.es\/aranjuez\/wp-content\/uploads\/sites\/11\/2024\/03\/Leclerc_Logo.svg","caption":"E.Leclerc Aranjuez"},"image":{"@id":"https:\/\/e-leclerc.es\/aranjuez\/#\/schema\/logo\/image\/"}}]}},"_links":{"self":[{"href":"https:\/\/e-leclerc.es\/aranjuez\/wp-json\/wp\/v2\/posts\/6018","targetHints":{"allow":["GET"]}}],"collection":[{"href":"https:\/\/e-leclerc.es\/aranjuez\/wp-json\/wp\/v2\/posts"}],"about":[{"href":"https:\/\/e-leclerc.es\/aranjuez\/wp-json\/wp\/v2\/types\/post"}],"replies":[{"embeddable":true,"href":"https:\/\/e-leclerc.es\/aranjuez\/wp-json\/wp\/v2\/comments?post=6018"}],"version-history":[{"count":0,"href":"https:\/\/e-leclerc.es\/aranjuez\/wp-json\/wp\/v2\/posts\/6018\/revisions"}],"wp:featuredmedia":[{"embeddable":true,"href":"https:\/\/e-leclerc.es\/aranjuez\/wp-json\/wp\/v2\/media\/6019"}],"wp:attachment":[{"href":"https:\/\/e-leclerc.es\/aranjuez\/wp-json\/wp\/v2\/media?parent=6018"}],"wp:term":[{"taxonomy":"category","embeddable":true,"href":"https:\/\/e-leclerc.es\/aranjuez\/wp-json\/wp\/v2\/categories?post=6018"},{"taxonomy":"post_tag","embeddable":true,"href":"https:\/\/e-leclerc.es\/aranjuez\/wp-json\/wp\/v2\/tags?post=6018"}],"curies":[{"name":"wp","href":"https:\/\/api.w.org\/{rel}","templated":true}]}}